
{"id":3181,"date":"2025-09-25T13:25:27","date_gmt":"2025-09-25T13:25:27","guid":{"rendered":"https:\/\/www.astburyformentera.co.uk\/blog\/sant-ferran-de-ses-roques-descobre-a-aldeia-criativa-de-formentera\/"},"modified":"2025-12-09T11:40:45","modified_gmt":"2025-12-09T11:40:45","slug":"sant-ferran-de-ses-roques-descobre-a-aldeia-criativa-de-formentera","status":"publish","type":"post","link":"https:\/\/www.astburyformentera.pt\/blog\/sant-ferran-de-ses-roques-descobre-a-aldeia-criativa-de-formentera\/","title":{"rendered":"Sant Ferran de Ses Roques: Descobre a aldeia criativa de Formentera"},"content":{"rendered":"\t\t<div data-elementor-type=\"wp-post\" data-elementor-id=\"3181\" class=\"elementor elementor-3181 elementor-2996\">\n\t\t\t\t<div class=\"elementor-element elementor-element-8379353 e-flex e-con-boxed e-con e-parent\" data-id=\"8379353\" data-element_type=\"container\">\n\t\t\t\t\t<div class=\"e-con-inner\">\n\t\t\t\t<div class=\"elementor-element elementor-element-c64fa8d elementor-widget elementor-widget-heading\" data-id=\"c64fa8d\" data-element_type=\"widget\" data-widget_type=\"heading.default\">\n\t\t\t\t<div class=\"elementor-widget-container\">\n\t\t\t<style>\/*! elementor - v3.23.0 - 15-07-2024 *\/\n.elementor-heading-title{padding:0;margin:0;line-height:1}.elementor-widget-heading .elementor-heading-title[class*=elementor-size-]>a{color:inherit;font-size:inherit;line-height:inherit}.elementor-widget-heading .elementor-heading-title.elementor-size-small{font-size:15px}.elementor-widget-heading .elementor-heading-title.elementor-size-medium{font-size:19px}.elementor-widget-heading .elementor-heading-title.elementor-size-large{font-size:29px}.elementor-widget-heading .elementor-heading-title.elementor-size-xl{font-size:39px}.elementor-widget-heading .elementor-heading-title.elementor-size-xxl{font-size:59px}<\/style><h1 class=\"elementor-heading-title elementor-size-default\">Sant Ferran de Ses Roques: Descobre a aldeia criativa de Formentera<\/h1>\t\t<\/div>\n\t\t\t\t<\/div>\n\t\t\t\t\t<\/div>\n\t\t\t\t<\/div>\n\t\t<div class=\"elementor-element elementor-element-73248316 e-flex e-con-boxed e-con e-parent\" data-id=\"73248316\" data-element_type=\"container\">\n\t\t\t\t\t<div class=\"e-con-inner\">\n\t\t\t\t<div class=\"elementor-element elementor-element-5dd561e7 elementor-widget elementor-widget-text-editor\" data-id=\"5dd561e7\" data-element_type=\"widget\" data-widget_type=\"text-editor.default\">\n\t\t\t\t<div class=\"elementor-widget-container\">\n\t\t\t<style>\/*! elementor - v3.23.0 - 15-07-2024 *\/\n.elementor-widget-text-editor.elementor-drop-cap-view-stacked .elementor-drop-cap{background-color:#69727d;color:#fff}.elementor-widget-text-editor.elementor-drop-cap-view-framed .elementor-drop-cap{color:#69727d;border:3px solid;background-color:transparent}.elementor-widget-text-editor:not(.elementor-drop-cap-view-default) .elementor-drop-cap{margin-top:8px}.elementor-widget-text-editor:not(.elementor-drop-cap-view-default) .elementor-drop-cap-letter{width:1em;height:1em}.elementor-widget-text-editor .elementor-drop-cap{float:left;text-align:center;line-height:1;font-size:50px}.elementor-widget-text-editor .elementor-drop-cap-letter{display:inline-block}<\/style>\t\t\t\t<p>No cora\u00e7\u00e3o de <strong>Formentera<\/strong>, h\u00e1 uma <a href=\"https:\/\/www.astburyformentera.pt\/blog\/guia-das-6-melhores-aldeias-de-formentera\/\"><strong>aldeia<\/strong><\/a> com uma alma aut\u00eantica e de esp\u00edrito livre: <strong>Sant Ferran de Ses Roques<\/strong>.<\/p>\n<p><strong>Sant Ferran de Ses Roques<\/strong> tornou-se o lar do <strong>movimento hippie<\/strong> nos <strong>anos 60<\/strong> e, ainda hoje, <strong>o<\/strong> seu <strong>esp\u00edrito<\/strong> <strong>criativo<\/strong> e <strong>bo\u00e9mio<\/strong> est\u00e1 vivo nas ruas animadas, nos concertos ao ar livre, nos mercados de artesanato e nas longas noites de ver\u00e3o.<\/p>\n<p>Se quiseres <strong>conhecer Formentera para al\u00e9m das praias<\/strong>, aqui est\u00e3o <strong>5 raz\u00f5es pelas quais Sant Ferran deve estar no teu itiner\u00e1rio.<\/strong><\/p>\n\t\t\t\t\t\t<\/div>\n\t\t\t\t<\/div>\n\t\t\t\t\t<\/div>\n\t\t\t\t<\/div>\n\t\t<div class=\"elementor-element elementor-element-7bea64c e-flex e-con-boxed e-con e-parent\" data-id=\"7bea64c\" data-element_type=\"container\">\n\t\t\t\t\t<div class=\"e-con-inner\">\n\t\t\t\t<div class=\"elementor-element elementor-element-33347e7 elementor-widget elementor-widget-image\" data-id=\"33347e7\" data-element_type=\"widget\" data-widget_type=\"image.default\">\n\t\t\t\t<div class=\"elementor-widget-container\">\n\t\t\t<style>\/*! elementor - v3.23.0 - 15-07-2024 *\/\n.elementor-widget-image{text-align:center}.elementor-widget-image a{display:inline-block}.elementor-widget-image a img[src$=\".svg\"]{width:48px}.elementor-widget-image img{vertical-align:middle;display:inline-block}<\/style>\t\t\t\t\t\t\t<figure class=\"wp-caption\">\n\t\t\t\t\t\t\t\t\t\t<img fetchpriority=\"high\" decoding=\"async\" width=\"2048\" height=\"1536\" src=\"https:\/\/www.astburyformentera.pt\/blog\/wp-content\/uploads\/2025\/09\/san-ferran-formentera-church-square.webp\" class=\"attachment-full size-full wp-image-3054\" alt=\"Night view of the Church of Sant Ferran de ses Roques illuminated in the main square of Sant Ferran de ses Roques, Formentera.\" srcset=\"https:\/\/www.astburyformentera.pt\/blog\/wp-content\/uploads\/2025\/09\/san-ferran-formentera-church-square.webp 2048w, https:\/\/www.astburyformentera.pt\/blog\/wp-content\/uploads\/2025\/09\/san-ferran-formentera-church-square-768x576.webp 768w, https:\/\/www.astburyformentera.pt\/blog\/wp-content\/uploads\/2025\/09\/san-ferran-formentera-church-square-1536x1152.webp 1536w\" sizes=\"(max-width: 2048px) 100vw, 2048px\" \/>\t\t\t\t\t\t\t\t\t\t\t<figcaption class=\"widget-image-caption wp-caption-text\">The Church of Sant Ferran de ses Roques andits main square at nighttime, Formentera,<\/figcaption>\n\t\t\t\t\t\t\t\t\t\t<\/figure>\n\t\t\t\t\t\t\t<\/div>\n\t\t\t\t<\/div>\n\t\t\t\t\t<\/div>\n\t\t\t\t<\/div>\n\t\t<div class=\"elementor-element elementor-element-75e959d e-flex e-con-boxed e-con e-parent\" data-id=\"75e959d\" data-element_type=\"container\">\n\t\t\t\t\t<div class=\"e-con-inner\">\n\t\t\t\t<div class=\"elementor-element elementor-element-5dbed43 elementor-widget elementor-widget-heading\" data-id=\"5dbed43\" data-element_type=\"widget\" data-widget_type=\"heading.default\">\n\t\t\t\t<div class=\"elementor-widget-container\">\n\t\t\t<h2 class=\"elementor-heading-title elementor-size-default\">5 raz\u00f5es para visitar Sant Ferran de Ses Roques em Formentera<\/h2>\t\t<\/div>\n\t\t\t\t<\/div>\n\t\t\t\t\t<\/div>\n\t\t\t\t<\/div>\n\t\t<div class=\"elementor-element elementor-element-a56a2ed e-flex e-con-boxed e-con e-parent\" data-id=\"a56a2ed\" data-element_type=\"container\">\n\t\t\t\t\t<div class=\"e-con-inner\">\n\t\t\t\t<div class=\"elementor-element elementor-element-33da324 elementor-widget elementor-widget-heading\" data-id=\"33da324\" data-element_type=\"widget\" data-widget_type=\"heading.default\">\n\t\t\t\t<div class=\"elementor-widget-container\">\n\t\t\t<h3 class=\"elementor-heading-title elementor-size-default\">1. O cora\u00e7\u00e3o hippie de Formentera\n<\/h3>\t\t<\/div>\n\t\t\t\t<\/div>\n\t\t\t\t\t<\/div>\n\t\t\t\t<\/div>\n\t\t<div class=\"elementor-element elementor-element-3936c29 e-flex e-con-boxed e-con e-parent\" data-id=\"3936c29\" data-element_type=\"container\">\n\t\t\t\t\t<div class=\"e-con-inner\">\n\t\t\t\t<div class=\"elementor-element elementor-element-fd0b728 elementor-widget elementor-widget-text-editor\" data-id=\"fd0b728\" data-element_type=\"widget\" data-widget_type=\"text-editor.default\">\n\t\t\t\t<div class=\"elementor-widget-container\">\n\t\t\t\t\t\t\t<p data-start=\"109\" data-end=\"541\">Nos anos 60, <strong>Sant Ferran de Ses Roques<\/strong> tornou-se <strong>o lar dos esp\u00edritos livres do movimento hippie<\/strong>. Os habitantes locais acolheram estes forasteiros de cabelo comprido, conhecidos como<em data-start=\"307\" data-end=\"316\">&#8220;peludos&#8221;<\/em>. A <strong>pra\u00e7a da igreja<\/strong> era um dos seus principais pontos de encontro. Traziam m\u00fasica, criatividade e um esp\u00edrito contracultural e n\u00e3o convencional.   <\/p>\n<p data-start=\"109\" data-end=\"541\">Ainda hoje, <strong>Sant Ferran <\/strong> ecoa este passado hippie. <strong>Todas as sextas-feiras \u00e0 noite no ver\u00e3o<\/strong> (21 de junho a 27 de setembro), h\u00e1 <strong>m\u00fasica ao vivo<\/strong> na pra\u00e7a e o <strong>mercado de artesanato<\/strong> funciona ao longo da rua principal<strong>(todas as noites, exceto \u00e0s quartas-feiras e aos domingos, das 19h00 \u00e0 meia-noite<\/strong>). As bancas exp\u00f5em <strong>obras \u00fanicas<\/strong> de <strong>arte e artesanato<\/strong> de artistas locais: pinturas, cer\u00e2mica, couro, vidro, j\u00f3ias e muito mais. Passear por elas ao som de m\u00fasica \u00e9 a forma perfeita de sentir<strong> a alma bo\u00e9mia de Sant Ferran.<\/strong>  <\/p>\n\t\t\t\t\t\t<\/div>\n\t\t\t\t<\/div>\n\t\t\t\t\t<\/div>\n\t\t\t\t<\/div>\n\t\t<div class=\"elementor-element elementor-element-8ce680b e-flex e-con-boxed e-con e-parent\" data-id=\"8ce680b\" data-element_type=\"container\">\n\t\t\t\t\t<div class=\"e-con-inner\">\n\t\t\t\t<div class=\"elementor-element elementor-element-210de35 elementor-widget elementor-widget-image\" data-id=\"210de35\" data-element_type=\"widget\" data-widget_type=\"image.default\">\n\t\t\t\t<div class=\"elementor-widget-container\">\n\t\t\t\t\t\t\t\t\t\t<figure class=\"wp-caption\">\n\t\t\t\t\t\t\t\t\t\t<img decoding=\"async\" width=\"2048\" height=\"1536\" src=\"https:\/\/www.astburyformentera.pt\/blog\/wp-content\/uploads\/2025\/09\/formentera-artisan-market-san-ferran.webp\" class=\"attachment-full size-full wp-image-3024\" alt=\"Artisan market Sant Ferran de Ses Roques, Formentera\" srcset=\"https:\/\/www.astburyformentera.pt\/blog\/wp-content\/uploads\/2025\/09\/formentera-artisan-market-san-ferran.webp 2048w, https:\/\/www.astburyformentera.pt\/blog\/wp-content\/uploads\/2025\/09\/formentera-artisan-market-san-ferran-768x576.webp 768w, https:\/\/www.astburyformentera.pt\/blog\/wp-content\/uploads\/2025\/09\/formentera-artisan-market-san-ferran-1536x1152.webp 1536w\" sizes=\"(max-width: 2048px) 100vw, 2048px\" \/>\t\t\t\t\t\t\t\t\t\t\t<figcaption class=\"widget-image-caption wp-caption-text\">Stalls at the hippie artisan market in Sant Ferran de Ses Roques in Formentera<\/figcaption>\n\t\t\t\t\t\t\t\t\t\t<\/figure>\n\t\t\t\t\t\t\t<\/div>\n\t\t\t\t<\/div>\n\t\t\t\t\t<\/div>\n\t\t\t\t<\/div>\n\t\t<div class=\"elementor-element elementor-element-821da7d e-flex e-con-boxed e-con e-parent\" data-id=\"821da7d\" data-element_type=\"container\">\n\t\t\t\t\t<div class=\"e-con-inner\">\n\t\t\t\t<div class=\"elementor-element elementor-element-c4f060b elementor-widget elementor-widget-heading\" data-id=\"c4f060b\" data-element_type=\"widget\" data-widget_type=\"heading.default\">\n\t\t\t\t<div class=\"elementor-widget-container\">\n\t\t\t<h3 class=\"elementor-heading-title elementor-size-default\">2. Fonda Pepe: Uma lenda viva<\/h3>\t\t<\/div>\n\t\t\t\t<\/div>\n\t\t\t\t\t<\/div>\n\t\t\t\t<\/div>\n\t\t<div class=\"elementor-element elementor-element-a37efd7 e-flex e-con-boxed e-con e-parent\" data-id=\"a37efd7\" data-element_type=\"container\">\n\t\t\t\t\t<div class=\"e-con-inner\">\n\t\t\t\t<div class=\"elementor-element elementor-element-946bbfb elementor-widget elementor-widget-text-editor\" data-id=\"946bbfb\" data-element_type=\"widget\" data-widget_type=\"text-editor.default\">\n\t\t\t\t<div class=\"elementor-widget-container\">\n\t\t\t\t\t\t\t<p data-start=\"840\" data-end=\"1028\"><a href=\"https:\/\/www.instagram.com\/fondapepeformentera\/?hl=en\" target=\"_blank\" rel=\"noopener\"><strong>Fonda Pepe<\/strong><\/a> \u00e9 mais do que um bar: \u00e9 uma <strong>lenda viva <\/strong>em<strong> Formentera<\/strong>. Inaugurado em <strong>1953<\/strong>, rapidamente se tornou o <strong>centro da cena hippie de Formentera<\/strong> e foi palco de alguns dos eventos mais memor\u00e1veis da d\u00e9cada de 1960. <\/p>\n<p data-start=\"1030\" data-end=\"1342\">Esta trattoria, que tamb\u00e9m serve de bar e albergue, ainda carrega o esp\u00edrito dessa \u00e9poca. Bandas lend\u00e1rias como os <strong data-start=\"1144\" data-end=\"1158\">Pink Floyd<\/strong> e os <strong data-start=\"1163\" data-end=\"1179\">King Crimson<\/strong> costumavam passar por aqui. H\u00e1 at\u00e9 quem afirme que <strong data-start=\"1224\" data-end=\"1237\">Bob Dylan<\/strong> passou por aqui para tocar guitarra, embora seja provavelmente uma lenda urbana inspirada por algu\u00e9m parecido com ele.  <\/p>\n<p data-start=\"1344\" data-end=\"1608\">Atualmente, <strong>a Fonda Pepe<\/strong> continua a ser um local de encontro popular. O mobili\u00e1rio vintage e <strong>as fotografias ic\u00f3nicas dos anos 60<\/strong>, da autoria de <strong data-start=\"1449\" data-end=\"1499\">Reinald W\u00fcnsche <\/strong>(Berlim 1943 &#8211; Formentera 2008), captam momentos dessa era hippie, criando um registo visual inestim\u00e1vel do <strong>patrim\u00f3nio cultural de Formentera.<\/strong> <\/p>\n<p data-start=\"1610\" data-end=\"1931\">Aqui, podes saborear uma <em>paella barata<\/em> (paella acess\u00edvel), beber <em>chupitos<\/em> (pequenos shots de licor) no bar, ou ficar at\u00e9 tarde para uma noite animada. Os sabores e a atmosfera ainda carregam o esp\u00edrito dos anos 60, tornando-o <strong>um lugar que n\u00e3o podes perder<\/strong> se quiseres experimentar um <strong>peda\u00e7o vivo da hist\u00f3ria de Formentera.<\/strong> <\/p>\n\t\t\t\t\t\t<\/div>\n\t\t\t\t<\/div>\n\t\t\t\t\t<\/div>\n\t\t\t\t<\/div>\n\t\t<div class=\"elementor-element elementor-element-b9d0d30 e-flex e-con-boxed e-con e-parent\" data-id=\"b9d0d30\" data-element_type=\"container\">\n\t\t\t\t\t<div class=\"e-con-inner\">\n\t\t\t\t<div class=\"elementor-element elementor-element-def34da elementor-widget elementor-widget-image\" data-id=\"def34da\" data-element_type=\"widget\" data-widget_type=\"image.default\">\n\t\t\t\t<div class=\"elementor-widget-container\">\n\t\t\t\t\t\t\t\t\t\t<figure class=\"wp-caption\">\n\t\t\t\t\t\t\t\t\t\t<img decoding=\"async\" width=\"2560\" height=\"1653\" src=\"https:\/\/www.astburyformentera.pt\/blog\/wp-content\/uploads\/2025\/09\/fonda-pepe-formentera-historic-bar-scaled.webp\" class=\"attachment-full size-full wp-image-3036\" alt=\"Fonda Pepe in San Ferran, Formentera \u2013 historic bar, trattoria, and hostel frequented by Pink Floyd and King Crimson in the 1960s hippie era\" srcset=\"https:\/\/www.astburyformentera.pt\/blog\/wp-content\/uploads\/2025\/09\/fonda-pepe-formentera-historic-bar-scaled.webp 2560w, https:\/\/www.astburyformentera.pt\/blog\/wp-content\/uploads\/2025\/09\/fonda-pepe-formentera-historic-bar-768x496.webp 768w, https:\/\/www.astburyformentera.pt\/blog\/wp-content\/uploads\/2025\/09\/fonda-pepe-formentera-historic-bar-1536x992.webp 1536w, https:\/\/www.astburyformentera.pt\/blog\/wp-content\/uploads\/2025\/09\/fonda-pepe-formentera-historic-bar-2048x1322.webp 2048w\" sizes=\"(max-width: 2560px) 100vw, 2560px\" \/>\t\t\t\t\t\t\t\t\t\t\t<figcaption class=\"widget-image-caption wp-caption-text\">Fonda Pepe, a historic bar and trattoria in San Ferran, Formentera, has been a hub of the island\u2019s 1960s hippie scene and a gathering place for legendary musicians.<\/figcaption>\n\t\t\t\t\t\t\t\t\t\t<\/figure>\n\t\t\t\t\t\t\t<\/div>\n\t\t\t\t<\/div>\n\t\t\t\t<div class=\"elementor-element elementor-element-8c9c72d elementor-widget elementor-widget-heading\" data-id=\"8c9c72d\" data-element_type=\"widget\" data-widget_type=\"heading.default\">\n\t\t\t\t<div class=\"elementor-widget-container\">\n\t\t\t<h3 class=\"elementor-heading-title elementor-size-default\">3. A liga\u00e7\u00e3o com os Pink Floyd\n<\/h3>\t\t<\/div>\n\t\t\t\t<\/div>\n\t\t\t\t\t<\/div>\n\t\t\t\t<\/div>\n\t\t<div class=\"elementor-element elementor-element-c36f9e8 e-flex e-con-boxed e-con e-parent\" data-id=\"c36f9e8\" data-element_type=\"container\">\n\t\t\t\t\t<div class=\"e-con-inner\">\n\t\t\t\t<div class=\"elementor-element elementor-element-0f180e7 elementor-widget elementor-widget-text-editor\" data-id=\"0f180e7\" data-element_type=\"widget\" data-widget_type=\"text-editor.default\">\n\t\t\t\t<div class=\"elementor-widget-container\">\n\t\t\t\t\t\t\t<p><span style=\"font-weight: 400;\"><strong>Sant Ferran<\/strong> \u00e9 tamb\u00e9m o lar de <\/span><a href=\"https:\/\/formentera-guitars.com\/?fbclid=IwY2xjawNLsxhleHRuA2FlbQIxMABicmlkETFySW5EZTM1V2xjY0J3S3MwAR6TAggQwKUEDgBcF4714FG2JNoV23bw8oufOjK5BG1umn3jVdT32NVc51PPOw_aem_ZDJMbYH9fyqoU8meh-LaBw\" target=\"_blank\" rel=\"noopener\"><b>Guitarras de Formentera<\/b><\/a><span style=\"font-weight: 400;\">A tua oficina, fundada na d\u00e9cada de 1980, ganhou reconhecimento mundial por fabricar instrumentos de alta qualidade. M\u00fasicos lend\u00e1rios, incluindo membros dos <strong>Pink Floyd<\/strong>, tocaram guitarras e baixos feitos aqui, transformando esta pequena aldeia num inesperado santu\u00e1rio para os amantes da m\u00fasica. Uma visita a <strong>Formentera Guitars<\/strong> \u00e9 obrigat\u00f3ria para qualquer apaixonado por m\u00fasica &#8211; e se quiseres, podes at\u00e9 <strong>construir a tua pr\u00f3pria guitarra<\/strong> ou <strong>baixo<\/strong>, juntando-te ao seu popular curso de tr\u00eas semanas, fabricando instrumentos conhecidos pelo seu ic\u00f3nico &#8220;som das Baleares&#8221;.    <\/span><\/p>\n\t\t\t\t\t\t<\/div>\n\t\t\t\t<\/div>\n\t\t\t\t<div class=\"elementor-element elementor-element-2b765a5 elementor-widget elementor-widget-heading\" data-id=\"2b765a5\" data-element_type=\"widget\" data-widget_type=\"heading.default\">\n\t\t\t\t<div class=\"elementor-widget-container\">\n\t\t\t<h3 class=\"elementor-heading-title elementor-size-default\">4. Cuevas d'en Geroni: A gruta escondida<\/h3>\t\t<\/div>\n\t\t\t\t<\/div>\n\t\t\t\t<div class=\"elementor-element elementor-element-08f97fa elementor-widget elementor-widget-text-editor\" data-id=\"08f97fa\" data-element_type=\"widget\" data-widget_type=\"text-editor.default\">\n\t\t\t\t<div class=\"elementor-widget-container\">\n\t\t\t\t\t\t\t<p><span style=\"font-weight: 400;\">Descobertas em 1975 durante a escava\u00e7\u00e3o de um po\u00e7o, <\/span><b>Cuevas d&#8217;en Geroni<\/b><span style=\"font-weight: 400;\"> \u00e9 uma das <\/span><b>Formentera<\/b><span style=\"font-weight: 400;\">de Formentera <\/span><b>tesouros naturais de Formentera<\/b><span style=\"font-weight: 400;\">. Fica mesmo  <\/span><b>fora de San Ferran<\/b><span style=\"font-weight: 400;\">no <\/span><b>km 6.2 <\/b><span style=\"font-weight: 400;\">na estrada para La Mola, assinalada por sinais e uma porta discreta: n\u00e3o esperes nada de vistoso, o que contribui para o seu mist\u00e9rio.<\/span><\/p>\n<p><span style=\"font-weight: 400;\">Entra e encontrar\u00e1s <strong>estalactites<\/strong>, <strong>estalagmites<\/strong> e <strong>ra\u00edzes de \u00e1rvores<\/strong> penduradas no teto da gruta &#8211; este mundo subterr\u00e2neo parece congelado no tempo.  <\/span><\/p>\n<p><span style=\"font-weight: 400;\">Uma visita \u00e0 gruta \u00e9 uma \u00f3ptima <strong>alternativa \u00e0 praia<\/strong> quando o tempo est\u00e1 nublado. \u00c9 uma experi\u00eancia aventureira e atmosf\u00e9rica que mostra um <strong>lado diferente<\/strong> da beleza natural de <strong>Formentera<\/strong>. <\/span><\/p>\n\t\t\t\t\t\t<\/div>\n\t\t\t\t<\/div>\n\t\t\t\t\t<\/div>\n\t\t\t\t<\/div>\n\t\t<div class=\"elementor-element elementor-element-d0664f6 e-flex e-con-boxed e-con e-parent\" data-id=\"d0664f6\" data-element_type=\"container\">\n\t\t\t\t\t<div class=\"e-con-inner\">\n\t\t\t\t<div class=\"elementor-element elementor-element-7bd2850 elementor-widget elementor-widget-heading\" data-id=\"7bd2850\" data-element_type=\"widget\" data-widget_type=\"heading.default\">\n\t\t\t\t<div class=\"elementor-widget-container\">\n\t\t\t<h3 class=\"elementor-heading-title elementor-size-default\">5. A vida nocturna alternativa de Sant Ferran<\/h3>\t\t<\/div>\n\t\t\t\t<\/div>\n\t\t\t\t\t<\/div>\n\t\t\t\t<\/div>\n\t\t<div class=\"elementor-element elementor-element-699c845 e-flex e-con-boxed e-con e-parent\" data-id=\"699c845\" data-element_type=\"container\">\n\t\t\t\t\t<div class=\"e-con-inner\">\n\t\t\t\t<div class=\"elementor-element elementor-element-cfd072e elementor-widget elementor-widget-text-editor\" data-id=\"cfd072e\" data-element_type=\"widget\" data-widget_type=\"text-editor.default\">\n\t\t\t\t<div class=\"elementor-widget-container\">\n\t\t\t\t\t\t\t<p data-start=\"240\" data-end=\"903\"><strong>As noites em Sant Ferran<\/strong> t\u00eam um ritmo muito diferente de <a href=\"https:\/\/www.astburyformentera.pt\/blog\/guia-da-praia-e-da-aldeia-de-es-pujols-em-formentera\/\">Es Pujols<\/a>, o principal centro de vida nocturna <strong>de Formentera<\/strong>, repleto de discotecas e bares. Em <strong>Sant Ferran<\/strong>, a pra\u00e7a e as ruas pr\u00f3ximas ganham vida de uma forma <strong>mais descontra\u00edda<\/strong> e local. Em algumas noites, poder\u00e1s encontrar uma banda ao vivo ou uma jam session que <strong>transforma a pra\u00e7a num ponto de encontro<\/strong> tanto para os habitantes locais como para os visitantes.  <\/p>\n<p data-start=\"240\" data-end=\"903\">Se est\u00e1s \u00e0 procura de uma das <strong>melhores pizzas de Formentera<\/strong>, n\u00e3o percas <a href=\"https:\/\/macondoformentera.com\/en\/home\" target=\"_blank\" rel=\"noopener\"><strong data-start=\"556\" data-end=\"567\">Macondo<\/strong><\/a>na rua principal de <strong>Sant Ferran<\/strong>, onde podes sentar-te debaixo de uma oliveira. As mesas dos restaurantes est\u00e3o alinhadas na rua, iluminadas por luzes suaves que criam uma <strong>atmosfera m\u00e1gica. <\/strong>  <\/p>\n<p data-start=\"240\" data-end=\"903\">Depois, recomendamos que v\u00e1s at\u00e9 <a href=\"https:\/\/www.sapanxa.com\/\" target=\"_blank\" rel=\"noopener\"><strong data-start=\"780\" data-end=\"792\">Sa Panxa<\/strong><\/a> para tomar uma bebida, um dos favoritos dos habitantes locais. O bar tem um <strong>ambiente<\/strong> <strong>alternativo<\/strong> e <strong>criativo<\/strong>, com paredes com <strong>obras de arte locais \u00fanicas<\/strong> que reflectem <strong>a alma bo\u00e9mia de Formentera<\/strong>. O seu <strong>belo p\u00e1tio exterior<\/strong> acolhe m\u00fasica ao vivo, dando vida ao espa\u00e7o com dan\u00e7as e risos. Em vez de ser um restaurante elegante, <strong>tem car\u00e1cter<\/strong> e uma atmosfera genu\u00edna e m\u00e1gica, reflectindo <strong>o verdadeiro esp\u00edrito de Formentera.<\/strong>   <\/p>\n\t\t\t\t\t\t<\/div>\n\t\t\t\t<\/div>\n\t\t\t\t\t<\/div>\n\t\t\t\t<\/div>\n\t\t<div class=\"elementor-element elementor-element-4a2f7d2 e-flex e-con-boxed e-con e-parent\" data-id=\"4a2f7d2\" data-element_type=\"container\">\n\t\t\t\t\t<div class=\"e-con-inner\">\n\t\t\t\t<div class=\"elementor-element elementor-element-6d4b9f5 elementor-widget elementor-widget-image\" data-id=\"6d4b9f5\" data-element_type=\"widget\" data-widget_type=\"image.default\">\n\t\t\t\t<div class=\"elementor-widget-container\">\n\t\t\t\t\t\t\t\t\t\t<figure class=\"wp-caption\">\n\t\t\t\t\t\t\t\t\t\t<img loading=\"lazy\" decoding=\"async\" width=\"2560\" height=\"1920\" src=\"https:\/\/www.astburyformentera.pt\/blog\/wp-content\/uploads\/2025\/09\/san-ferran-formentera-live-music-sa-panxa-scaled.webp\" class=\"attachment-full size-full wp-image-3066\" alt=\"Live music performance at Sa Panxa bar in Sant Ferran de Ses Roques, Formentera, in the outdoor courtyard at night.\" srcset=\"https:\/\/www.astburyformentera.pt\/blog\/wp-content\/uploads\/2025\/09\/san-ferran-formentera-live-music-sa-panxa-scaled.webp 2560w, https:\/\/www.astburyformentera.pt\/blog\/wp-content\/uploads\/2025\/09\/san-ferran-formentera-live-music-sa-panxa-768x576.webp 768w, https:\/\/www.astburyformentera.pt\/blog\/wp-content\/uploads\/2025\/09\/san-ferran-formentera-live-music-sa-panxa-1536x1152.webp 1536w, https:\/\/www.astburyformentera.pt\/blog\/wp-content\/uploads\/2025\/09\/san-ferran-formentera-live-music-sa-panxa-2048x1536.webp 2048w\" sizes=\"(max-width: 2560px) 100vw, 2560px\" \/>\t\t\t\t\t\t\t\t\t\t\t<figcaption class=\"widget-image-caption wp-caption-text\">Live music performance at Sa Panxa, a popular bar in Sant Ferran de Ses Roques, Formentera, in its beautiful outdoor courtyard.<\/figcaption>\n\t\t\t\t\t\t\t\t\t\t<\/figure>\n\t\t\t\t\t\t\t<\/div>\n\t\t\t\t<\/div>\n\t\t\t\t\t<\/div>\n\t\t\t\t<\/div>\n\t\t\t\t<\/div>\n\t\t","protected":false},"excerpt":{"rendered":"<p>Sant Ferran de Ses Roques: Descobre a aldeia criativa de Formentera No cora\u00e7\u00e3o de Formentera, h\u00e1 uma aldeia com uma&#8230;<\/p>\n","protected":false},"author":2,"featured_media":3004,"comment_status":"closed","ping_status":"closed","sticky":false,"template":"","format":"standard","meta":{"footnotes":""},"categories":[97,31],"tags":[],"class_list":["post-3181","post","type-post","status-publish","format-standard","has-post-thumbnail","hentry","category-descobre-formentera-o-teu-guia-de-viagem","category-uncategorized-pt"],"yoast_head":"<!-- This site is optimized with the Yoast SEO plugin v22.8 - https:\/\/yoast.com\/wordpress\/plugins\/seo\/ -->\n<title>Sant Ferran de Ses Roques: A aldeia criativa de Formentera<\/title>\n<meta name=\"description\" content=\"Descobre Sant Ferran de Ses Roques, a aldeia criativa de Formentera. Explora a sua hist\u00f3ria hippie, mercados de artesanato, m\u00fasica ao vivo e ruas encantadoras. Experimenta Formentera para al\u00e9m das praias.\" \/>\n<meta name=\"robots\" content=\"index, follow, max-snippet:-1, max-image-preview:large, max-video-preview:-1\" \/>\n<link rel=\"canonical\" href=\"https:\/\/www.astburyformentera.pt\/blog\/sant-ferran-de-ses-roques-descobre-a-aldeia-criativa-de-formentera\/\" \/>\n<meta property=\"og:locale\" content=\"en_US\" \/>\n<meta property=\"og:type\" content=\"article\" \/>\n<meta property=\"og:title\" content=\"Sant Ferran de Ses Roques: A aldeia criativa de Formentera\" \/>\n<meta property=\"og:description\" content=\"Descobre Sant Ferran de Ses Roques, a aldeia criativa de Formentera. Explora a sua hist\u00f3ria hippie, mercados de artesanato, m\u00fasica ao vivo e ruas encantadoras. Experimenta Formentera para al\u00e9m das praias.\" \/>\n<meta property=\"og:url\" content=\"https:\/\/www.astburyformentera.pt\/blog\/sant-ferran-de-ses-roques-descobre-a-aldeia-criativa-de-formentera\/\" \/>\n<meta property=\"og:site_name\" content=\"Island Life\" \/>\n<meta property=\"article:publisher\" content=\"https:\/\/www.facebook.com\/formentera.astbury\/\" \/>\n<meta property=\"article:published_time\" content=\"2025-09-25T13:25:27+00:00\" \/>\n<meta property=\"article:modified_time\" content=\"2025-12-09T11:40:45+00:00\" \/>\n<meta property=\"og:image\" content=\"https:\/\/www.astburyformentera.pt\/blog\/wp-content\/uploads\/2025\/09\/sant-ferran-de-ses-roques-formentera-scaled.webp\" \/>\n\t<meta property=\"og:image:width\" content=\"2560\" \/>\n\t<meta property=\"og:image:height\" content=\"2091\" \/>\n\t<meta property=\"og:image:type\" content=\"image\/webp\" \/>\n<meta name=\"author\" content=\"astburyformentera\" \/>\n<meta name=\"twitter:card\" content=\"summary_large_image\" \/>\n<meta name=\"twitter:label1\" content=\"Written by\" \/>\n\t<meta name=\"twitter:data1\" content=\"astburyformentera\" \/>\n\t<meta name=\"twitter:label2\" content=\"Est. reading time\" \/>\n\t<meta name=\"twitter:data2\" content=\"5 minutes\" \/>\n<script type=\"application\/ld+json\" class=\"yoast-schema-graph\">{\"@context\":\"https:\/\/schema.org\",\"@graph\":[{\"@type\":\"Article\",\"@id\":\"https:\/\/www.astburyformentera.pt\/blog\/sant-ferran-de-ses-roques-descobre-a-aldeia-criativa-de-formentera\/#article\",\"isPartOf\":{\"@id\":\"https:\/\/www.astburyformentera.pt\/blog\/sant-ferran-de-ses-roques-descobre-a-aldeia-criativa-de-formentera\/\"},\"author\":{\"name\":\"astburyformentera\",\"@id\":\"https:\/\/www.astburyformentera.pt\/blog\/#\/schema\/person\/3b7960663a62d882614d380312b77245\"},\"headline\":\"Sant Ferran de Ses Roques: Descobre a aldeia criativa de Formentera\",\"datePublished\":\"2025-09-25T13:25:27+00:00\",\"dateModified\":\"2025-12-09T11:40:45+00:00\",\"mainEntityOfPage\":{\"@id\":\"https:\/\/www.astburyformentera.pt\/blog\/sant-ferran-de-ses-roques-descobre-a-aldeia-criativa-de-formentera\/\"},\"wordCount\":1016,\"publisher\":{\"@id\":\"https:\/\/www.astburyformentera.pt\/blog\/#organization\"},\"image\":{\"@id\":\"https:\/\/www.astburyformentera.pt\/blog\/sant-ferran-de-ses-roques-descobre-a-aldeia-criativa-de-formentera\/#primaryimage\"},\"thumbnailUrl\":\"https:\/\/www.astburyformentera.pt\/blog\/wp-content\/uploads\/2025\/09\/sant-ferran-de-ses-roques-formentera-scaled.webp\",\"articleSection\":[\"Descobre Formentera: O teu guia de viagem\",\"Uncategorized @pt\"],\"inLanguage\":\"en-NZ\"},{\"@type\":\"WebPage\",\"@id\":\"https:\/\/www.astburyformentera.pt\/blog\/sant-ferran-de-ses-roques-descobre-a-aldeia-criativa-de-formentera\/\",\"url\":\"https:\/\/www.astburyformentera.pt\/blog\/sant-ferran-de-ses-roques-descobre-a-aldeia-criativa-de-formentera\/\",\"name\":\"Sant Ferran de Ses Roques: A aldeia criativa de Formentera\",\"isPartOf\":{\"@id\":\"https:\/\/www.astburyformentera.pt\/blog\/#website\"},\"primaryImageOfPage\":{\"@id\":\"https:\/\/www.astburyformentera.pt\/blog\/sant-ferran-de-ses-roques-descobre-a-aldeia-criativa-de-formentera\/#primaryimage\"},\"image\":{\"@id\":\"https:\/\/www.astburyformentera.pt\/blog\/sant-ferran-de-ses-roques-descobre-a-aldeia-criativa-de-formentera\/#primaryimage\"},\"thumbnailUrl\":\"https:\/\/www.astburyformentera.pt\/blog\/wp-content\/uploads\/2025\/09\/sant-ferran-de-ses-roques-formentera-scaled.webp\",\"datePublished\":\"2025-09-25T13:25:27+00:00\",\"dateModified\":\"2025-12-09T11:40:45+00:00\",\"description\":\"Descobre Sant Ferran de Ses Roques, a aldeia criativa de Formentera. Explora a sua hist\u00f3ria hippie, mercados de artesanato, m\u00fasica ao vivo e ruas encantadoras. Experimenta Formentera para al\u00e9m das praias.\",\"breadcrumb\":{\"@id\":\"https:\/\/www.astburyformentera.pt\/blog\/sant-ferran-de-ses-roques-descobre-a-aldeia-criativa-de-formentera\/#breadcrumb\"},\"inLanguage\":\"en-NZ\",\"potentialAction\":[{\"@type\":\"ReadAction\",\"target\":[\"https:\/\/www.astburyformentera.pt\/blog\/sant-ferran-de-ses-roques-descobre-a-aldeia-criativa-de-formentera\/\"]}]},{\"@type\":\"ImageObject\",\"inLanguage\":\"en-NZ\",\"@id\":\"https:\/\/www.astburyformentera.pt\/blog\/sant-ferran-de-ses-roques-descobre-a-aldeia-criativa-de-formentera\/#primaryimage\",\"url\":\"https:\/\/www.astburyformentera.pt\/blog\/wp-content\/uploads\/2025\/09\/sant-ferran-de-ses-roques-formentera-scaled.webp\",\"contentUrl\":\"https:\/\/www.astburyformentera.pt\/blog\/wp-content\/uploads\/2025\/09\/sant-ferran-de-ses-roques-formentera-scaled.webp\",\"width\":2560,\"height\":2091,\"caption\":\"La piazza centrale di Sant Ferran con la sua chiesa, cuore autentico e boh\u00e9mien di Formentera.\"},{\"@type\":\"BreadcrumbList\",\"@id\":\"https:\/\/www.astburyformentera.pt\/blog\/sant-ferran-de-ses-roques-descobre-a-aldeia-criativa-de-formentera\/#breadcrumb\",\"itemListElement\":[{\"@type\":\"ListItem\",\"position\":1,\"name\":\"Home\",\"item\":\"https:\/\/www.astburyformentera.pt\/blog\/\"},{\"@type\":\"ListItem\",\"position\":2,\"name\":\"Sant Ferran de Ses Roques: Descobre a aldeia criativa de Formentera\"}]},{\"@type\":\"WebSite\",\"@id\":\"https:\/\/www.astburyformentera.pt\/blog\/#website\",\"url\":\"https:\/\/www.astburyformentera.pt\/blog\/\",\"name\":\"Island Life\",\"description\":\"Astbury Formentera\",\"publisher\":{\"@id\":\"https:\/\/www.astburyformentera.pt\/blog\/#organization\"},\"potentialAction\":[{\"@type\":\"SearchAction\",\"target\":{\"@type\":\"EntryPoint\",\"urlTemplate\":\"https:\/\/www.astburyformentera.pt\/blog\/?s={search_term_string}\"},\"query-input\":\"required name=search_term_string\"}],\"inLanguage\":\"en-NZ\"},{\"@type\":\"Organization\",\"@id\":\"https:\/\/www.astburyformentera.pt\/blog\/#organization\",\"name\":\"Astbury Formentera\",\"url\":\"https:\/\/www.astburyformentera.pt\/blog\/\",\"logo\":{\"@type\":\"ImageObject\",\"inLanguage\":\"en-NZ\",\"@id\":\"https:\/\/www.astburyformentera.pt\/blog\/#\/schema\/logo\/image\/\",\"url\":\"https:\/\/www.astburyformentera.pt\/blog\/wp-content\/uploads\/2024\/06\/Astbury_Main_Logo.jpg\",\"contentUrl\":\"https:\/\/www.astburyformentera.pt\/blog\/wp-content\/uploads\/2024\/06\/Astbury_Main_Logo.jpg\",\"width\":591,\"height\":794,\"caption\":\"Astbury Formentera\"},\"image\":{\"@id\":\"https:\/\/www.astburyformentera.pt\/blog\/#\/schema\/logo\/image\/\"},\"sameAs\":[\"https:\/\/www.facebook.com\/formentera.astbury\/\",\"https:\/\/www.instagram.com\/astburyformentera\/\"]},{\"@type\":\"Person\",\"@id\":\"https:\/\/www.astburyformentera.pt\/blog\/#\/schema\/person\/3b7960663a62d882614d380312b77245\",\"name\":\"astburyformentera\",\"image\":{\"@type\":\"ImageObject\",\"inLanguage\":\"en-NZ\",\"@id\":\"https:\/\/www.astburyformentera.pt\/blog\/#\/schema\/person\/image\/\",\"url\":\"https:\/\/secure.gravatar.com\/avatar\/e7a2190fae75b01f080821e9e7053a7d131f6f71b9d3654542a5a42f29c8a000?s=96&d=mm&r=g\",\"contentUrl\":\"https:\/\/secure.gravatar.com\/avatar\/e7a2190fae75b01f080821e9e7053a7d131f6f71b9d3654542a5a42f29c8a000?s=96&d=mm&r=g\",\"caption\":\"astburyformentera\"},\"url\":\"https:\/\/www.astburyformentera.pt\/blog\/author\/astburyformentera\/\"}]}<\/script>\n<!-- \/ Yoast SEO plugin. -->","yoast_head_json":{"title":"Sant Ferran de Ses Roques: A aldeia criativa de Formentera","description":"Descobre Sant Ferran de Ses Roques, a aldeia criativa de Formentera. Explora a sua hist\u00f3ria hippie, mercados de artesanato, m\u00fasica ao vivo e ruas encantadoras. Experimenta Formentera para al\u00e9m das praias.","robots":{"index":"index","follow":"follow","max-snippet":"max-snippet:-1","max-image-preview":"max-image-preview:large","max-video-preview":"max-video-preview:-1"},"canonical":"https:\/\/www.astburyformentera.pt\/blog\/sant-ferran-de-ses-roques-descobre-a-aldeia-criativa-de-formentera\/","og_locale":"en_US","og_type":"article","og_title":"Sant Ferran de Ses Roques: A aldeia criativa de Formentera","og_description":"Descobre Sant Ferran de Ses Roques, a aldeia criativa de Formentera. Explora a sua hist\u00f3ria hippie, mercados de artesanato, m\u00fasica ao vivo e ruas encantadoras. Experimenta Formentera para al\u00e9m das praias.","og_url":"https:\/\/www.astburyformentera.pt\/blog\/sant-ferran-de-ses-roques-descobre-a-aldeia-criativa-de-formentera\/","og_site_name":"Island Life","article_publisher":"https:\/\/www.facebook.com\/formentera.astbury\/","article_published_time":"2025-09-25T13:25:27+00:00","article_modified_time":"2025-12-09T11:40:45+00:00","og_image":[{"width":2560,"height":2091,"url":"https:\/\/www.astburyformentera.pt\/blog\/wp-content\/uploads\/2025\/09\/sant-ferran-de-ses-roques-formentera-scaled.webp","type":"image\/webp"}],"author":"astburyformentera","twitter_card":"summary_large_image","twitter_misc":{"Written by":"astburyformentera","Est. reading time":"5 minutes"},"schema":{"@context":"https:\/\/schema.org","@graph":[{"@type":"Article","@id":"https:\/\/www.astburyformentera.pt\/blog\/sant-ferran-de-ses-roques-descobre-a-aldeia-criativa-de-formentera\/#article","isPartOf":{"@id":"https:\/\/www.astburyformentera.pt\/blog\/sant-ferran-de-ses-roques-descobre-a-aldeia-criativa-de-formentera\/"},"author":{"name":"astburyformentera","@id":"https:\/\/www.astburyformentera.pt\/blog\/#\/schema\/person\/3b7960663a62d882614d380312b77245"},"headline":"Sant Ferran de Ses Roques: Descobre a aldeia criativa de Formentera","datePublished":"2025-09-25T13:25:27+00:00","dateModified":"2025-12-09T11:40:45+00:00","mainEntityOfPage":{"@id":"https:\/\/www.astburyformentera.pt\/blog\/sant-ferran-de-ses-roques-descobre-a-aldeia-criativa-de-formentera\/"},"wordCount":1016,"publisher":{"@id":"https:\/\/www.astburyformentera.pt\/blog\/#organization"},"image":{"@id":"https:\/\/www.astburyformentera.pt\/blog\/sant-ferran-de-ses-roques-descobre-a-aldeia-criativa-de-formentera\/#primaryimage"},"thumbnailUrl":"https:\/\/www.astburyformentera.pt\/blog\/wp-content\/uploads\/2025\/09\/sant-ferran-de-ses-roques-formentera-scaled.webp","articleSection":["Descobre Formentera: O teu guia de viagem","Uncategorized @pt"],"inLanguage":"en-NZ"},{"@type":"WebPage","@id":"https:\/\/www.astburyformentera.pt\/blog\/sant-ferran-de-ses-roques-descobre-a-aldeia-criativa-de-formentera\/","url":"https:\/\/www.astburyformentera.pt\/blog\/sant-ferran-de-ses-roques-descobre-a-aldeia-criativa-de-formentera\/","name":"Sant Ferran de Ses Roques: A aldeia criativa de Formentera","isPartOf":{"@id":"https:\/\/www.astburyformentera.pt\/blog\/#website"},"primaryImageOfPage":{"@id":"https:\/\/www.astburyformentera.pt\/blog\/sant-ferran-de-ses-roques-descobre-a-aldeia-criativa-de-formentera\/#primaryimage"},"image":{"@id":"https:\/\/www.astburyformentera.pt\/blog\/sant-ferran-de-ses-roques-descobre-a-aldeia-criativa-de-formentera\/#primaryimage"},"thumbnailUrl":"https:\/\/www.astburyformentera.pt\/blog\/wp-content\/uploads\/2025\/09\/sant-ferran-de-ses-roques-formentera-scaled.webp","datePublished":"2025-09-25T13:25:27+00:00","dateModified":"2025-12-09T11:40:45+00:00","description":"Descobre Sant Ferran de Ses Roques, a aldeia criativa de Formentera. Explora a sua hist\u00f3ria hippie, mercados de artesanato, m\u00fasica ao vivo e ruas encantadoras. Experimenta Formentera para al\u00e9m das praias.","breadcrumb":{"@id":"https:\/\/www.astburyformentera.pt\/blog\/sant-ferran-de-ses-roques-descobre-a-aldeia-criativa-de-formentera\/#breadcrumb"},"inLanguage":"en-NZ","potentialAction":[{"@type":"ReadAction","target":["https:\/\/www.astburyformentera.pt\/blog\/sant-ferran-de-ses-roques-descobre-a-aldeia-criativa-de-formentera\/"]}]},{"@type":"ImageObject","inLanguage":"en-NZ","@id":"https:\/\/www.astburyformentera.pt\/blog\/sant-ferran-de-ses-roques-descobre-a-aldeia-criativa-de-formentera\/#primaryimage","url":"https:\/\/www.astburyformentera.pt\/blog\/wp-content\/uploads\/2025\/09\/sant-ferran-de-ses-roques-formentera-scaled.webp","contentUrl":"https:\/\/www.astburyformentera.pt\/blog\/wp-content\/uploads\/2025\/09\/sant-ferran-de-ses-roques-formentera-scaled.webp","width":2560,"height":2091,"caption":"La piazza centrale di Sant Ferran con la sua chiesa, cuore autentico e boh\u00e9mien di Formentera."},{"@type":"BreadcrumbList","@id":"https:\/\/www.astburyformentera.pt\/blog\/sant-ferran-de-ses-roques-descobre-a-aldeia-criativa-de-formentera\/#breadcrumb","itemListElement":[{"@type":"ListItem","position":1,"name":"Home","item":"https:\/\/www.astburyformentera.pt\/blog\/"},{"@type":"ListItem","position":2,"name":"Sant Ferran de Ses Roques: Descobre a aldeia criativa de Formentera"}]},{"@type":"WebSite","@id":"https:\/\/www.astburyformentera.pt\/blog\/#website","url":"https:\/\/www.astburyformentera.pt\/blog\/","name":"Island Life","description":"Astbury Formentera","publisher":{"@id":"https:\/\/www.astburyformentera.pt\/blog\/#organization"},"potentialAction":[{"@type":"SearchAction","target":{"@type":"EntryPoint","urlTemplate":"https:\/\/www.astburyformentera.pt\/blog\/?s={search_term_string}"},"query-input":"required name=search_term_string"}],"inLanguage":"en-NZ"},{"@type":"Organization","@id":"https:\/\/www.astburyformentera.pt\/blog\/#organization","name":"Astbury Formentera","url":"https:\/\/www.astburyformentera.pt\/blog\/","logo":{"@type":"ImageObject","inLanguage":"en-NZ","@id":"https:\/\/www.astburyformentera.pt\/blog\/#\/schema\/logo\/image\/","url":"https:\/\/www.astburyformentera.pt\/blog\/wp-content\/uploads\/2024\/06\/Astbury_Main_Logo.jpg","contentUrl":"https:\/\/www.astburyformentera.pt\/blog\/wp-content\/uploads\/2024\/06\/Astbury_Main_Logo.jpg","width":591,"height":794,"caption":"Astbury Formentera"},"image":{"@id":"https:\/\/www.astburyformentera.pt\/blog\/#\/schema\/logo\/image\/"},"sameAs":["https:\/\/www.facebook.com\/formentera.astbury\/","https:\/\/www.instagram.com\/astburyformentera\/"]},{"@type":"Person","@id":"https:\/\/www.astburyformentera.pt\/blog\/#\/schema\/person\/3b7960663a62d882614d380312b77245","name":"astburyformentera","image":{"@type":"ImageObject","inLanguage":"en-NZ","@id":"https:\/\/www.astburyformentera.pt\/blog\/#\/schema\/person\/image\/","url":"https:\/\/secure.gravatar.com\/avatar\/e7a2190fae75b01f080821e9e7053a7d131f6f71b9d3654542a5a42f29c8a000?s=96&d=mm&r=g","contentUrl":"https:\/\/secure.gravatar.com\/avatar\/e7a2190fae75b01f080821e9e7053a7d131f6f71b9d3654542a5a42f29c8a000?s=96&d=mm&r=g","caption":"astburyformentera"},"url":"https:\/\/www.astburyformentera.pt\/blog\/author\/astburyformentera\/"}]}},"_links":{"self":[{"href":"https:\/\/www.astburyformentera.pt\/blog\/wp-json\/wp\/v2\/posts\/3181","targetHints":{"allow":["GET"]}}],"collection":[{"href":"https:\/\/www.astburyformentera.pt\/blog\/wp-json\/wp\/v2\/posts"}],"about":[{"href":"https:\/\/www.astburyformentera.pt\/blog\/wp-json\/wp\/v2\/types\/post"}],"author":[{"embeddable":true,"href":"https:\/\/www.astburyformentera.pt\/blog\/wp-json\/wp\/v2\/users\/2"}],"replies":[{"embeddable":true,"href":"https:\/\/www.astburyformentera.pt\/blog\/wp-json\/wp\/v2\/comments?post=3181"}],"version-history":[{"count":3,"href":"https:\/\/www.astburyformentera.pt\/blog\/wp-json\/wp\/v2\/posts\/3181\/revisions"}],"predecessor-version":[{"id":3185,"href":"https:\/\/www.astburyformentera.pt\/blog\/wp-json\/wp\/v2\/posts\/3181\/revisions\/3185"}],"wp:featuredmedia":[{"embeddable":true,"href":"https:\/\/www.astburyformentera.pt\/blog\/wp-json\/wp\/v2\/media\/3004"}],"wp:attachment":[{"href":"https:\/\/www.astburyformentera.pt\/blog\/wp-json\/wp\/v2\/media?parent=3181"}],"wp:term":[{"taxonomy":"category","embeddable":true,"href":"https:\/\/www.astburyformentera.pt\/blog\/wp-json\/wp\/v2\/categories?post=3181"},{"taxonomy":"post_tag","embeddable":true,"href":"https:\/\/www.astburyformentera.pt\/blog\/wp-json\/wp\/v2\/tags?post=3181"}],"curies":[{"name":"wp","href":"https:\/\/api.w.org\/{rel}","templated":true}]}}